{"id":9092,"date":"2025-10-23T13:27:19","date_gmt":"2025-10-23T11:27:19","guid":{"rendered":"https:\/\/staging.laurini.com\/https-laurini-com-evento-imprese-aperte-prenota-la-tua-visita-presso-laurini\/"},"modified":"2025-12-16T13:02:57","modified_gmt":"2025-12-16T11:02:57","slug":"https-laurini-com-evento-imprese-aperte-prenota-la-tua-visita-presso-laurini","status":"publish","type":"post","link":"https:\/\/laurini.com\/es\/https-laurini-com-evento-imprese-aperte-prenota-la-tua-visita-presso-laurini\/","title":{"rendered":"Evento Imprese Aperte \u2013 reserva tu visita en Laurini"},"content":{"rendered":"\n<p>El <strong>11 de noviembre de 2025<\/strong>, en el a\u00f1o de su 70.\u00ba aniversario, Laurini abre sus puertas, en el marco de la iniciativa <strong>Imprese Aperte Parma<\/strong>, y ofrece a los visitantes externos la posibilidad de visitar la planta de <strong>Busseto<\/strong>.<\/p>\n\n\n\n<p>El evento, titulado <strong>\u201cLaurini: la fuerza de la innovaci\u00f3n al servicio de los clientes\u201d<\/strong>, permite a estudiantes de secundaria (4.\u00ba y 5.\u00ba curso), universitarios y reci\u00e9n graduados descubrir el origen de sus inventos: desde la oficina t\u00e9cnica, donde nacen las ideas, hasta los departamentos de producci\u00f3n, donde las m\u00e1quinas cobran vida.<\/p>\n\n\n\n<p>La visita incluye un momento inicial de <em>storytelling<\/em> en el que el propietario, <strong>Marco Laurini<\/strong>, y la direcci\u00f3n presentar\u00e1n la empresa y su evoluci\u00f3n: de taller artesanal a realidad industrial internacional, y de fabricante de m\u00e1quinas est\u00e1ndar a creador de soluciones para los sectores m\u00e1s diversos.<\/p>\n\n\n\n<p>Posteriormente, el grupo se desplazar\u00e1 a los distintos departamentos para ver las m\u00e1quinas en construcci\u00f3n y en fase de pruebas.<\/p>\n\n\n\n<p>Reserva la visita a trav\u00e9s de Eventbrite: <a href=\"https:\/\/short.do\/ur8igQ\">https:\/\/short.do\/ur8igQ<\/a><br><strong>1.\u00ba turno \u2013 9:00<\/strong><br><strong>2.\u00ba turno \u2013 14:30<\/strong><\/p>\n\n\n\n<p>La iniciativa es un proyecto de la <strong>Unione Parmense degli Industriali<\/strong>, en colaboraci\u00f3n con la asociaci\u00f3n <strong>\u201cParma, io ci sto!\u201d<\/strong> y <strong>CISITA Parma<\/strong>.<\/p>\n\n\n\n<p>Para m\u00e1s informaci\u00f3n sobre la iniciativa y las ediciones anteriores: <a href=\"https:\/\/www.impreseaperteparma.com\/\">https:\/\/www.impreseaperteparma.com\/<\/a><\/p>\n","protected":false},"excerpt":{"rendered":"<p>El 11 de noviembre de 2025, en el a\u00f1o de su 70.\u00ba aniversario, Laurini abre sus puertas, en el marco de la iniciativa Imprese Aperte Parma, y ofrece a los visitantes externos la posibilidad de visitar la planta de Busseto. El evento, titulado \u201cLaurini: la fuerza de la innovaci\u00f3n al servicio de los clientes\u201d, permite [&hellip;]<\/p>\n","protected":false},"author":5,"featured_media":9093,"comment_status":"closed","ping_status":"closed","sticky":false,"template":"","format":"standard","meta":{"_acf_changed":false,"footnotes":""},"categories":[49],"tags":[],"class_list":["post-9092","post","type-post","status-publish","format-standard","has-post-thumbnail","hentry","category-non-categorizzato"],"acf":[],"yoast_head":"<!-- This site is optimized with the Yoast SEO plugin v27.1.1 - https:\/\/yoast.com\/product\/yoast-seo-wordpress\/ -->\n<title>Evento Imprese Aperte \u2013 reserva tu visita en Laurini - Laurini Officine Meccaniche<\/title>\n<meta name=\"robots\" content=\"index, follow, max-snippet:-1, max-image-preview:large, max-video-preview:-1\" \/>\n<link rel=\"canonical\" href=\"https:\/\/laurini.com\/es\/https-laurini-com-evento-imprese-aperte-prenota-la-tua-visita-presso-laurini\/\" \/>\n<meta property=\"og:locale\" content=\"es_ES\" \/>\n<meta property=\"og:type\" content=\"article\" \/>\n<meta property=\"og:title\" content=\"Evento Imprese Aperte \u2013 reserva tu visita en Laurini - Laurini Officine Meccaniche\" \/>\n<meta property=\"og:description\" content=\"El 11 de noviembre de 2025, en el a\u00f1o de su 70.\u00ba aniversario, Laurini abre sus puertas, en el marco de la iniciativa Imprese Aperte Parma, y ofrece a los visitantes externos la posibilidad de visitar la planta de Busseto. El evento, titulado \u201cLaurini: la fuerza de la innovaci\u00f3n al servicio de los clientes\u201d, permite [&hellip;]\" \/>\n<meta property=\"og:url\" content=\"https:\/\/laurini.com\/es\/https-laurini-com-evento-imprese-aperte-prenota-la-tua-visita-presso-laurini\/\" \/>\n<meta property=\"og:site_name\" content=\"Laurini Officine Meccaniche\" \/>\n<meta property=\"article:published_time\" content=\"2025-10-23T11:27:19+00:00\" \/>\n<meta property=\"article:modified_time\" content=\"2025-12-16T11:02:57+00:00\" \/>\n<meta property=\"og:image\" content=\"https:\/\/laurini.com\/wp-content\/uploads\/2025\/10\/Copertine_Imprese-Aperte-2025.jpg\" \/>\n\t<meta property=\"og:image:width\" content=\"1280\" \/>\n\t<meta property=\"og:image:height\" content=\"720\" \/>\n\t<meta property=\"og:image:type\" content=\"image\/jpeg\" \/>\n<meta name=\"author\" content=\"admin_laurini\" \/>\n<meta name=\"twitter:card\" content=\"summary_large_image\" \/>\n<meta name=\"twitter:label1\" content=\"Escrito por\" \/>\n\t<meta name=\"twitter:data1\" content=\"admin_laurini\" \/>\n\t<meta name=\"twitter:label2\" content=\"Tiempo de lectura\" \/>\n\t<meta name=\"twitter:data2\" content=\"2 minutos\" \/>\n<script type=\"application\/ld+json\" class=\"yoast-schema-graph\">{\"@context\":\"https:\/\/schema.org\",\"@graph\":[{\"@type\":\"Article\",\"@id\":\"https:\/\/laurini.com\/es\/https-laurini-com-evento-imprese-aperte-prenota-la-tua-visita-presso-laurini\/#article\",\"isPartOf\":{\"@id\":\"https:\/\/laurini.com\/es\/https-laurini-com-evento-imprese-aperte-prenota-la-tua-visita-presso-laurini\/\"},\"author\":{\"name\":\"admin_laurini\",\"@id\":\"https:\/\/laurini.com\/es\/#\/schema\/person\/06be2405d47c6f93273dd72da307f756\"},\"headline\":\"Evento Imprese Aperte \u2013 reserva tu visita en Laurini\",\"datePublished\":\"2025-10-23T11:27:19+00:00\",\"dateModified\":\"2025-12-16T11:02:57+00:00\",\"mainEntityOfPage\":{\"@id\":\"https:\/\/laurini.com\/es\/https-laurini-com-evento-imprese-aperte-prenota-la-tua-visita-presso-laurini\/\"},\"wordCount\":230,\"publisher\":{\"@id\":\"https:\/\/laurini.com\/es\/#organization\"},\"image\":{\"@id\":\"https:\/\/laurini.com\/es\/https-laurini-com-evento-imprese-aperte-prenota-la-tua-visita-presso-laurini\/#primaryimage\"},\"thumbnailUrl\":\"https:\/\/laurini.com\/wp-content\/uploads\/2025\/10\/Copertine_Imprese-Aperte-2025.jpg\",\"articleSection\":[\"Non categorizzato\"],\"inLanguage\":\"es\"},{\"@type\":\"WebPage\",\"@id\":\"https:\/\/laurini.com\/es\/https-laurini-com-evento-imprese-aperte-prenota-la-tua-visita-presso-laurini\/\",\"url\":\"https:\/\/laurini.com\/es\/https-laurini-com-evento-imprese-aperte-prenota-la-tua-visita-presso-laurini\/\",\"name\":\"Evento Imprese Aperte \u2013 reserva tu visita en Laurini - Laurini Officine Meccaniche\",\"isPartOf\":{\"@id\":\"https:\/\/laurini.com\/es\/#website\"},\"primaryImageOfPage\":{\"@id\":\"https:\/\/laurini.com\/es\/https-laurini-com-evento-imprese-aperte-prenota-la-tua-visita-presso-laurini\/#primaryimage\"},\"image\":{\"@id\":\"https:\/\/laurini.com\/es\/https-laurini-com-evento-imprese-aperte-prenota-la-tua-visita-presso-laurini\/#primaryimage\"},\"thumbnailUrl\":\"https:\/\/laurini.com\/wp-content\/uploads\/2025\/10\/Copertine_Imprese-Aperte-2025.jpg\",\"datePublished\":\"2025-10-23T11:27:19+00:00\",\"dateModified\":\"2025-12-16T11:02:57+00:00\",\"breadcrumb\":{\"@id\":\"https:\/\/laurini.com\/es\/https-laurini-com-evento-imprese-aperte-prenota-la-tua-visita-presso-laurini\/#breadcrumb\"},\"inLanguage\":\"es\",\"potentialAction\":[{\"@type\":\"ReadAction\",\"target\":[\"https:\/\/laurini.com\/es\/https-laurini-com-evento-imprese-aperte-prenota-la-tua-visita-presso-laurini\/\"]}]},{\"@type\":\"ImageObject\",\"inLanguage\":\"es\",\"@id\":\"https:\/\/laurini.com\/es\/https-laurini-com-evento-imprese-aperte-prenota-la-tua-visita-presso-laurini\/#primaryimage\",\"url\":\"https:\/\/laurini.com\/wp-content\/uploads\/2025\/10\/Copertine_Imprese-Aperte-2025.jpg\",\"contentUrl\":\"https:\/\/laurini.com\/wp-content\/uploads\/2025\/10\/Copertine_Imprese-Aperte-2025.jpg\",\"width\":1280,\"height\":720},{\"@type\":\"BreadcrumbList\",\"@id\":\"https:\/\/laurini.com\/es\/https-laurini-com-evento-imprese-aperte-prenota-la-tua-visita-presso-laurini\/#breadcrumb\",\"itemListElement\":[{\"@type\":\"ListItem\",\"position\":1,\"name\":\"Home\",\"item\":\"https:\/\/laurini.com\/es\/\"},{\"@type\":\"ListItem\",\"position\":2,\"name\":\"Evento Imprese Aperte \u2013 reserva tu visita en Laurini\"}]},{\"@type\":\"WebSite\",\"@id\":\"https:\/\/laurini.com\/es\/#website\",\"url\":\"https:\/\/laurini.com\/es\/\",\"name\":\"Laurini Officine Meccaniche\",\"description\":\"\",\"publisher\":{\"@id\":\"https:\/\/laurini.com\/es\/#organization\"},\"potentialAction\":[{\"@type\":\"SearchAction\",\"target\":{\"@type\":\"EntryPoint\",\"urlTemplate\":\"https:\/\/laurini.com\/es\/?s={search_term_string}\"},\"query-input\":{\"@type\":\"PropertyValueSpecification\",\"valueRequired\":true,\"valueName\":\"search_term_string\"}}],\"inLanguage\":\"es\"},{\"@type\":\"Organization\",\"@id\":\"https:\/\/laurini.com\/es\/#organization\",\"name\":\"Laurini Officine Meccaniche\",\"url\":\"https:\/\/laurini.com\/es\/\",\"logo\":{\"@type\":\"ImageObject\",\"inLanguage\":\"es\",\"@id\":\"https:\/\/laurini.com\/es\/#\/schema\/logo\/image\/\",\"url\":\"https:\/\/laurini.com\/wp-content\/uploads\/2024\/04\/logo-black.svg\",\"contentUrl\":\"https:\/\/laurini.com\/wp-content\/uploads\/2024\/04\/logo-black.svg\",\"width\":1,\"height\":1,\"caption\":\"Laurini Officine Meccaniche\"},\"image\":{\"@id\":\"https:\/\/laurini.com\/es\/#\/schema\/logo\/image\/\"}},{\"@type\":\"Person\",\"@id\":\"https:\/\/laurini.com\/es\/#\/schema\/person\/06be2405d47c6f93273dd72da307f756\",\"name\":\"admin_laurini\",\"image\":{\"@type\":\"ImageObject\",\"inLanguage\":\"es\",\"@id\":\"https:\/\/laurini.com\/es\/#\/schema\/person\/image\/\",\"url\":\"https:\/\/secure.gravatar.com\/avatar\/4522c7de7d868765c5dd84a751952325133bebab3d516366b879ff2bbd85a157?s=96&d=mm&r=g\",\"contentUrl\":\"https:\/\/secure.gravatar.com\/avatar\/4522c7de7d868765c5dd84a751952325133bebab3d516366b879ff2bbd85a157?s=96&d=mm&r=g\",\"caption\":\"admin_laurini\"}}]}<\/script>\n<!-- \/ Yoast SEO plugin. -->","yoast_head_json":{"title":"Evento Imprese Aperte \u2013 reserva tu visita en Laurini - Laurini Officine Meccaniche","robots":{"index":"index","follow":"follow","max-snippet":"max-snippet:-1","max-image-preview":"max-image-preview:large","max-video-preview":"max-video-preview:-1"},"canonical":"https:\/\/laurini.com\/es\/https-laurini-com-evento-imprese-aperte-prenota-la-tua-visita-presso-laurini\/","og_locale":"es_ES","og_type":"article","og_title":"Evento Imprese Aperte \u2013 reserva tu visita en Laurini - Laurini Officine Meccaniche","og_description":"El 11 de noviembre de 2025, en el a\u00f1o de su 70.\u00ba aniversario, Laurini abre sus puertas, en el marco de la iniciativa Imprese Aperte Parma, y ofrece a los visitantes externos la posibilidad de visitar la planta de Busseto. El evento, titulado \u201cLaurini: la fuerza de la innovaci\u00f3n al servicio de los clientes\u201d, permite [&hellip;]","og_url":"https:\/\/laurini.com\/es\/https-laurini-com-evento-imprese-aperte-prenota-la-tua-visita-presso-laurini\/","og_site_name":"Laurini Officine Meccaniche","article_published_time":"2025-10-23T11:27:19+00:00","article_modified_time":"2025-12-16T11:02:57+00:00","og_image":[{"width":1280,"height":720,"url":"https:\/\/laurini.com\/wp-content\/uploads\/2025\/10\/Copertine_Imprese-Aperte-2025.jpg","type":"image\/jpeg"}],"author":"admin_laurini","twitter_card":"summary_large_image","twitter_misc":{"Escrito por":"admin_laurini","Tiempo de lectura":"2 minutos"},"schema":{"@context":"https:\/\/schema.org","@graph":[{"@type":"Article","@id":"https:\/\/laurini.com\/es\/https-laurini-com-evento-imprese-aperte-prenota-la-tua-visita-presso-laurini\/#article","isPartOf":{"@id":"https:\/\/laurini.com\/es\/https-laurini-com-evento-imprese-aperte-prenota-la-tua-visita-presso-laurini\/"},"author":{"name":"admin_laurini","@id":"https:\/\/laurini.com\/es\/#\/schema\/person\/06be2405d47c6f93273dd72da307f756"},"headline":"Evento Imprese Aperte \u2013 reserva tu visita en Laurini","datePublished":"2025-10-23T11:27:19+00:00","dateModified":"2025-12-16T11:02:57+00:00","mainEntityOfPage":{"@id":"https:\/\/laurini.com\/es\/https-laurini-com-evento-imprese-aperte-prenota-la-tua-visita-presso-laurini\/"},"wordCount":230,"publisher":{"@id":"https:\/\/laurini.com\/es\/#organization"},"image":{"@id":"https:\/\/laurini.com\/es\/https-laurini-com-evento-imprese-aperte-prenota-la-tua-visita-presso-laurini\/#primaryimage"},"thumbnailUrl":"https:\/\/laurini.com\/wp-content\/uploads\/2025\/10\/Copertine_Imprese-Aperte-2025.jpg","articleSection":["Non categorizzato"],"inLanguage":"es"},{"@type":"WebPage","@id":"https:\/\/laurini.com\/es\/https-laurini-com-evento-imprese-aperte-prenota-la-tua-visita-presso-laurini\/","url":"https:\/\/laurini.com\/es\/https-laurini-com-evento-imprese-aperte-prenota-la-tua-visita-presso-laurini\/","name":"Evento Imprese Aperte \u2013 reserva tu visita en Laurini - Laurini Officine Meccaniche","isPartOf":{"@id":"https:\/\/laurini.com\/es\/#website"},"primaryImageOfPage":{"@id":"https:\/\/laurini.com\/es\/https-laurini-com-evento-imprese-aperte-prenota-la-tua-visita-presso-laurini\/#primaryimage"},"image":{"@id":"https:\/\/laurini.com\/es\/https-laurini-com-evento-imprese-aperte-prenota-la-tua-visita-presso-laurini\/#primaryimage"},"thumbnailUrl":"https:\/\/laurini.com\/wp-content\/uploads\/2025\/10\/Copertine_Imprese-Aperte-2025.jpg","datePublished":"2025-10-23T11:27:19+00:00","dateModified":"2025-12-16T11:02:57+00:00","breadcrumb":{"@id":"https:\/\/laurini.com\/es\/https-laurini-com-evento-imprese-aperte-prenota-la-tua-visita-presso-laurini\/#breadcrumb"},"inLanguage":"es","potentialAction":[{"@type":"ReadAction","target":["https:\/\/laurini.com\/es\/https-laurini-com-evento-imprese-aperte-prenota-la-tua-visita-presso-laurini\/"]}]},{"@type":"ImageObject","inLanguage":"es","@id":"https:\/\/laurini.com\/es\/https-laurini-com-evento-imprese-aperte-prenota-la-tua-visita-presso-laurini\/#primaryimage","url":"https:\/\/laurini.com\/wp-content\/uploads\/2025\/10\/Copertine_Imprese-Aperte-2025.jpg","contentUrl":"https:\/\/laurini.com\/wp-content\/uploads\/2025\/10\/Copertine_Imprese-Aperte-2025.jpg","width":1280,"height":720},{"@type":"BreadcrumbList","@id":"https:\/\/laurini.com\/es\/https-laurini-com-evento-imprese-aperte-prenota-la-tua-visita-presso-laurini\/#breadcrumb","itemListElement":[{"@type":"ListItem","position":1,"name":"Home","item":"https:\/\/laurini.com\/es\/"},{"@type":"ListItem","position":2,"name":"Evento Imprese Aperte \u2013 reserva tu visita en Laurini"}]},{"@type":"WebSite","@id":"https:\/\/laurini.com\/es\/#website","url":"https:\/\/laurini.com\/es\/","name":"Laurini Officine Meccaniche","description":"","publisher":{"@id":"https:\/\/laurini.com\/es\/#organization"},"potentialAction":[{"@type":"SearchAction","target":{"@type":"EntryPoint","urlTemplate":"https:\/\/laurini.com\/es\/?s={search_term_string}"},"query-input":{"@type":"PropertyValueSpecification","valueRequired":true,"valueName":"search_term_string"}}],"inLanguage":"es"},{"@type":"Organization","@id":"https:\/\/laurini.com\/es\/#organization","name":"Laurini Officine Meccaniche","url":"https:\/\/laurini.com\/es\/","logo":{"@type":"ImageObject","inLanguage":"es","@id":"https:\/\/laurini.com\/es\/#\/schema\/logo\/image\/","url":"https:\/\/laurini.com\/wp-content\/uploads\/2024\/04\/logo-black.svg","contentUrl":"https:\/\/laurini.com\/wp-content\/uploads\/2024\/04\/logo-black.svg","width":1,"height":1,"caption":"Laurini Officine Meccaniche"},"image":{"@id":"https:\/\/laurini.com\/es\/#\/schema\/logo\/image\/"}},{"@type":"Person","@id":"https:\/\/laurini.com\/es\/#\/schema\/person\/06be2405d47c6f93273dd72da307f756","name":"admin_laurini","image":{"@type":"ImageObject","inLanguage":"es","@id":"https:\/\/laurini.com\/es\/#\/schema\/person\/image\/","url":"https:\/\/secure.gravatar.com\/avatar\/4522c7de7d868765c5dd84a751952325133bebab3d516366b879ff2bbd85a157?s=96&d=mm&r=g","contentUrl":"https:\/\/secure.gravatar.com\/avatar\/4522c7de7d868765c5dd84a751952325133bebab3d516366b879ff2bbd85a157?s=96&d=mm&r=g","caption":"admin_laurini"}}]}},"_links":{"self":[{"href":"https:\/\/laurini.com\/es\/wp-json\/wp\/v2\/posts\/9092","targetHints":{"allow":["GET"]}}],"collection":[{"href":"https:\/\/laurini.com\/es\/wp-json\/wp\/v2\/posts"}],"about":[{"href":"https:\/\/laurini.com\/es\/wp-json\/wp\/v2\/types\/post"}],"author":[{"embeddable":true,"href":"https:\/\/laurini.com\/es\/wp-json\/wp\/v2\/users\/5"}],"replies":[{"embeddable":true,"href":"https:\/\/laurini.com\/es\/wp-json\/wp\/v2\/comments?post=9092"}],"version-history":[{"count":1,"href":"https:\/\/laurini.com\/es\/wp-json\/wp\/v2\/posts\/9092\/revisions"}],"predecessor-version":[{"id":9095,"href":"https:\/\/laurini.com\/es\/wp-json\/wp\/v2\/posts\/9092\/revisions\/9095"}],"wp:featuredmedia":[{"embeddable":true,"href":"https:\/\/laurini.com\/es\/wp-json\/wp\/v2\/media\/9093"}],"wp:attachment":[{"href":"https:\/\/laurini.com\/es\/wp-json\/wp\/v2\/media?parent=9092"}],"wp:term":[{"taxonomy":"category","embeddable":true,"href":"https:\/\/laurini.com\/es\/wp-json\/wp\/v2\/categories?post=9092"},{"taxonomy":"post_tag","embeddable":true,"href":"https:\/\/laurini.com\/es\/wp-json\/wp\/v2\/tags?post=9092"}],"curies":[{"name":"wp","href":"https:\/\/api.w.org\/{rel}","templated":true}]}}