{"id":9144,"date":"2025-09-02T11:50:26","date_gmt":"2025-09-02T09:50:26","guid":{"rendered":"https:\/\/staging.laurini.com\/laurini-sbarca-in-brasile-debutto-alla-rio-pipeline-2025\/"},"modified":"2025-12-16T13:13:18","modified_gmt":"2025-12-16T11:13:18","slug":"laurini-desembarca-en-brasil-debut-en-rio-pipeline-2025","status":"publish","type":"post","link":"https:\/\/laurini.com\/es\/laurini-desembarca-en-brasil-debut-en-rio-pipeline-2025\/","title":{"rendered":"Laurini desembarca en Brasil: debut en Rio Pipeline 2025"},"content":{"rendered":"\n<p>R\u00edo de Janeiro \u2013 <strong>9, 10 y 11 de septiembre de 2025<\/strong><\/p>\n\n\n\n<p>Nos entusiasma anunciar que <strong>Laurini Officine Meccaniche<\/strong> participar\u00e1 por primera vez como expositor en <strong>Rio Pipeline 2025<\/strong>, uno de los eventos internacionales m\u00e1s prestigiosos del sector de los <em>pipelines<\/em> y la energ\u00eda. Una ocasi\u00f3n estrat\u00e9gica para consolidar nuestra presencia global y reforzar los v\u00ednculos con los principales actores del sector en Am\u00e9rica Latina.<\/p>\n\n\n\n<p>En un contexto energ\u00e9tico en r\u00e1pida transformaci\u00f3n, Laurini se presenta con la fiabilidad de una marca italiana que desde hace <strong>70 a\u00f1os<\/strong> es sin\u00f3nimo de ingenier\u00eda avanzada, innovaci\u00f3n a medida y sostenibilidad operativa. Nuestras soluciones est\u00e1n dise\u00f1adas para afrontar los desaf\u00edos m\u00e1s complejos en las obras m\u00e1s exigentes del mundo.<\/p>\n\n\n\n<p>Durante el evento, presentaremos nuestras tecnolog\u00edas m\u00e1s recientes: maquinaria para la instalaci\u00f3n de tuber\u00edas, <strong>padding machines<\/strong>, tractores multifunci\u00f3n, soluciones que combinan eficiencia, seguridad y reducci\u00f3n del impacto ambiental, con un enfoque <em>tailor-made<\/em> adaptado a las necesidades espec\u00edficas de cada cliente.<\/p>\n\n\n\n<p>Ven a visitarnos en nuestro stand para descubrir c\u00f3mo la ingenier\u00eda italiana de Laurini sigue marcando la diferencia en las obras de todo el mundo.<\/p>\n","protected":false},"excerpt":{"rendered":"<p>R\u00edo de Janeiro \u2013 9, 10 y 11 de septiembre de 2025 Nos entusiasma anunciar que Laurini Officine Meccaniche participar\u00e1 por primera vez como expositor en Rio Pipeline 2025, uno de los eventos internacionales m\u00e1s prestigiosos del sector de los pipelines y la energ\u00eda. Una ocasi\u00f3n estrat\u00e9gica para consolidar nuestra presencia global y reforzar los [&hellip;]<\/p>\n","protected":false},"author":5,"featured_media":9145,"comment_status":"closed","ping_status":"closed","sticky":false,"template":"","format":"standard","meta":{"_acf_changed":false,"footnotes":""},"categories":[49],"tags":[],"class_list":["post-9144","post","type-post","status-publish","format-standard","has-post-thumbnail","hentry","category-non-categorizzato"],"acf":[],"yoast_head":"<!-- This site is optimized with the Yoast SEO plugin v27.1.1 - https:\/\/yoast.com\/product\/yoast-seo-wordpress\/ -->\n<title>Laurini desembarca en Brasil: debut en Rio Pipeline 2025 - Laurini Officine Meccaniche<\/title>\n<meta name=\"description\" content=\"Siamo entusiasti di annunciare che Laurini Officine Meccaniche parteciper\u00e0 come espositore per la prima volta alla Rio Pipeline 2025, uno degli eventi internazionali pi\u00f9 prestigiosi nel settore delle pipeline e dell\u2019energia. Un&#039;occasione strategica per consolidare la nostra presenza globale e rafforzare i legami con i principali attori del settore in America Latina.\" \/>\n<meta name=\"robots\" content=\"index, follow, max-snippet:-1, max-image-preview:large, max-video-preview:-1\" \/>\n<link rel=\"canonical\" href=\"https:\/\/laurini.com\/es\/laurini-desembarca-en-brasil-debut-en-rio-pipeline-2025\/\" \/>\n<meta property=\"og:locale\" content=\"es_ES\" \/>\n<meta property=\"og:type\" content=\"article\" \/>\n<meta property=\"og:title\" content=\"Laurini desembarca en Brasil: debut en Rio Pipeline 2025 - Laurini Officine Meccaniche\" \/>\n<meta property=\"og:description\" content=\"Siamo entusiasti di annunciare che Laurini Officine Meccaniche parteciper\u00e0 come espositore per la prima volta alla Rio Pipeline 2025, uno degli eventi internazionali pi\u00f9 prestigiosi nel settore delle pipeline e dell\u2019energia. Un&#039;occasione strategica per consolidare la nostra presenza globale e rafforzare i legami con i principali attori del settore in America Latina.\" \/>\n<meta property=\"og:url\" content=\"https:\/\/laurini.com\/es\/laurini-desembarca-en-brasil-debut-en-rio-pipeline-2025\/\" \/>\n<meta property=\"og:site_name\" content=\"Laurini Officine Meccaniche\" \/>\n<meta property=\"article:published_time\" content=\"2025-09-02T09:50:26+00:00\" \/>\n<meta property=\"article:modified_time\" content=\"2025-12-16T11:13:18+00:00\" \/>\n<meta property=\"og:image\" content=\"https:\/\/laurini.com\/wp-content\/uploads\/2025\/09\/Copertina_Rio-Pipeline.jpg\" \/>\n\t<meta property=\"og:image:width\" content=\"1280\" \/>\n\t<meta property=\"og:image:height\" content=\"720\" \/>\n\t<meta property=\"og:image:type\" content=\"image\/jpeg\" \/>\n<meta name=\"author\" content=\"admin_laurini\" \/>\n<meta name=\"twitter:card\" content=\"summary_large_image\" \/>\n<meta name=\"twitter:label1\" content=\"Escrito por\" \/>\n\t<meta name=\"twitter:data1\" content=\"admin_laurini\" \/>\n\t<meta name=\"twitter:label2\" content=\"Tiempo de lectura\" \/>\n\t<meta name=\"twitter:data2\" content=\"2 minutos\" \/>\n<script type=\"application\/ld+json\" class=\"yoast-schema-graph\">{\"@context\":\"https:\/\/schema.org\",\"@graph\":[{\"@type\":\"Article\",\"@id\":\"https:\/\/laurini.com\/es\/laurini-desembarca-en-brasil-debut-en-rio-pipeline-2025\/#article\",\"isPartOf\":{\"@id\":\"https:\/\/laurini.com\/es\/laurini-desembarca-en-brasil-debut-en-rio-pipeline-2025\/\"},\"author\":{\"name\":\"admin_laurini\",\"@id\":\"https:\/\/laurini.com\/es\/#\/schema\/person\/06be2405d47c6f93273dd72da307f756\"},\"headline\":\"Laurini desembarca en Brasil: debut en Rio Pipeline 2025\",\"datePublished\":\"2025-09-02T09:50:26+00:00\",\"dateModified\":\"2025-12-16T11:13:18+00:00\",\"mainEntityOfPage\":{\"@id\":\"https:\/\/laurini.com\/es\/laurini-desembarca-en-brasil-debut-en-rio-pipeline-2025\/\"},\"wordCount\":209,\"publisher\":{\"@id\":\"https:\/\/laurini.com\/es\/#organization\"},\"image\":{\"@id\":\"https:\/\/laurini.com\/es\/laurini-desembarca-en-brasil-debut-en-rio-pipeline-2025\/#primaryimage\"},\"thumbnailUrl\":\"https:\/\/laurini.com\/wp-content\/uploads\/2025\/09\/Copertina_Rio-Pipeline.jpg\",\"articleSection\":[\"Non categorizzato\"],\"inLanguage\":\"es\"},{\"@type\":\"WebPage\",\"@id\":\"https:\/\/laurini.com\/es\/laurini-desembarca-en-brasil-debut-en-rio-pipeline-2025\/\",\"url\":\"https:\/\/laurini.com\/es\/laurini-desembarca-en-brasil-debut-en-rio-pipeline-2025\/\",\"name\":\"Laurini desembarca en Brasil: debut en Rio Pipeline 2025 - Laurini Officine Meccaniche\",\"isPartOf\":{\"@id\":\"https:\/\/laurini.com\/es\/#website\"},\"primaryImageOfPage\":{\"@id\":\"https:\/\/laurini.com\/es\/laurini-desembarca-en-brasil-debut-en-rio-pipeline-2025\/#primaryimage\"},\"image\":{\"@id\":\"https:\/\/laurini.com\/es\/laurini-desembarca-en-brasil-debut-en-rio-pipeline-2025\/#primaryimage\"},\"thumbnailUrl\":\"https:\/\/laurini.com\/wp-content\/uploads\/2025\/09\/Copertina_Rio-Pipeline.jpg\",\"datePublished\":\"2025-09-02T09:50:26+00:00\",\"dateModified\":\"2025-12-16T11:13:18+00:00\",\"description\":\"Siamo entusiasti di annunciare che Laurini Officine Meccaniche parteciper\u00e0 come espositore per la prima volta alla Rio Pipeline 2025, uno degli eventi internazionali pi\u00f9 prestigiosi nel settore delle pipeline e dell\u2019energia. Un'occasione strategica per consolidare la nostra presenza globale e rafforzare i legami con i principali attori del settore in America Latina.\",\"breadcrumb\":{\"@id\":\"https:\/\/laurini.com\/es\/laurini-desembarca-en-brasil-debut-en-rio-pipeline-2025\/#breadcrumb\"},\"inLanguage\":\"es\",\"potentialAction\":[{\"@type\":\"ReadAction\",\"target\":[\"https:\/\/laurini.com\/es\/laurini-desembarca-en-brasil-debut-en-rio-pipeline-2025\/\"]}]},{\"@type\":\"ImageObject\",\"inLanguage\":\"es\",\"@id\":\"https:\/\/laurini.com\/es\/laurini-desembarca-en-brasil-debut-en-rio-pipeline-2025\/#primaryimage\",\"url\":\"https:\/\/laurini.com\/wp-content\/uploads\/2025\/09\/Copertina_Rio-Pipeline.jpg\",\"contentUrl\":\"https:\/\/laurini.com\/wp-content\/uploads\/2025\/09\/Copertina_Rio-Pipeline.jpg\",\"width\":1280,\"height\":720},{\"@type\":\"BreadcrumbList\",\"@id\":\"https:\/\/laurini.com\/es\/laurini-desembarca-en-brasil-debut-en-rio-pipeline-2025\/#breadcrumb\",\"itemListElement\":[{\"@type\":\"ListItem\",\"position\":1,\"name\":\"Home\",\"item\":\"https:\/\/laurini.com\/es\/\"},{\"@type\":\"ListItem\",\"position\":2,\"name\":\"Laurini desembarca en Brasil: debut en Rio Pipeline 2025\"}]},{\"@type\":\"WebSite\",\"@id\":\"https:\/\/laurini.com\/es\/#website\",\"url\":\"https:\/\/laurini.com\/es\/\",\"name\":\"Laurini Officine Meccaniche\",\"description\":\"\",\"publisher\":{\"@id\":\"https:\/\/laurini.com\/es\/#organization\"},\"potentialAction\":[{\"@type\":\"SearchAction\",\"target\":{\"@type\":\"EntryPoint\",\"urlTemplate\":\"https:\/\/laurini.com\/es\/?s={search_term_string}\"},\"query-input\":{\"@type\":\"PropertyValueSpecification\",\"valueRequired\":true,\"valueName\":\"search_term_string\"}}],\"inLanguage\":\"es\"},{\"@type\":\"Organization\",\"@id\":\"https:\/\/laurini.com\/es\/#organization\",\"name\":\"Laurini Officine Meccaniche\",\"url\":\"https:\/\/laurini.com\/es\/\",\"logo\":{\"@type\":\"ImageObject\",\"inLanguage\":\"es\",\"@id\":\"https:\/\/laurini.com\/es\/#\/schema\/logo\/image\/\",\"url\":\"https:\/\/laurini.com\/wp-content\/uploads\/2024\/04\/logo-black.svg\",\"contentUrl\":\"https:\/\/laurini.com\/wp-content\/uploads\/2024\/04\/logo-black.svg\",\"width\":1,\"height\":1,\"caption\":\"Laurini Officine Meccaniche\"},\"image\":{\"@id\":\"https:\/\/laurini.com\/es\/#\/schema\/logo\/image\/\"}},{\"@type\":\"Person\",\"@id\":\"https:\/\/laurini.com\/es\/#\/schema\/person\/06be2405d47c6f93273dd72da307f756\",\"name\":\"admin_laurini\",\"image\":{\"@type\":\"ImageObject\",\"inLanguage\":\"es\",\"@id\":\"https:\/\/laurini.com\/es\/#\/schema\/person\/image\/\",\"url\":\"https:\/\/secure.gravatar.com\/avatar\/4522c7de7d868765c5dd84a751952325133bebab3d516366b879ff2bbd85a157?s=96&d=mm&r=g\",\"contentUrl\":\"https:\/\/secure.gravatar.com\/avatar\/4522c7de7d868765c5dd84a751952325133bebab3d516366b879ff2bbd85a157?s=96&d=mm&r=g\",\"caption\":\"admin_laurini\"}}]}<\/script>\n<!-- \/ Yoast SEO plugin. -->","yoast_head_json":{"title":"Laurini desembarca en Brasil: debut en Rio Pipeline 2025 - Laurini Officine Meccaniche","description":"Siamo entusiasti di annunciare che Laurini Officine Meccaniche parteciper\u00e0 come espositore per la prima volta alla Rio Pipeline 2025, uno degli eventi internazionali pi\u00f9 prestigiosi nel settore delle pipeline e dell\u2019energia. Un'occasione strategica per consolidare la nostra presenza globale e rafforzare i legami con i principali attori del settore in America Latina.","robots":{"index":"index","follow":"follow","max-snippet":"max-snippet:-1","max-image-preview":"max-image-preview:large","max-video-preview":"max-video-preview:-1"},"canonical":"https:\/\/laurini.com\/es\/laurini-desembarca-en-brasil-debut-en-rio-pipeline-2025\/","og_locale":"es_ES","og_type":"article","og_title":"Laurini desembarca en Brasil: debut en Rio Pipeline 2025 - Laurini Officine Meccaniche","og_description":"Siamo entusiasti di annunciare che Laurini Officine Meccaniche parteciper\u00e0 come espositore per la prima volta alla Rio Pipeline 2025, uno degli eventi internazionali pi\u00f9 prestigiosi nel settore delle pipeline e dell\u2019energia. Un'occasione strategica per consolidare la nostra presenza globale e rafforzare i legami con i principali attori del settore in America Latina.","og_url":"https:\/\/laurini.com\/es\/laurini-desembarca-en-brasil-debut-en-rio-pipeline-2025\/","og_site_name":"Laurini Officine Meccaniche","article_published_time":"2025-09-02T09:50:26+00:00","article_modified_time":"2025-12-16T11:13:18+00:00","og_image":[{"width":1280,"height":720,"url":"https:\/\/laurini.com\/wp-content\/uploads\/2025\/09\/Copertina_Rio-Pipeline.jpg","type":"image\/jpeg"}],"author":"admin_laurini","twitter_card":"summary_large_image","twitter_misc":{"Escrito por":"admin_laurini","Tiempo de lectura":"2 minutos"},"schema":{"@context":"https:\/\/schema.org","@graph":[{"@type":"Article","@id":"https:\/\/laurini.com\/es\/laurini-desembarca-en-brasil-debut-en-rio-pipeline-2025\/#article","isPartOf":{"@id":"https:\/\/laurini.com\/es\/laurini-desembarca-en-brasil-debut-en-rio-pipeline-2025\/"},"author":{"name":"admin_laurini","@id":"https:\/\/laurini.com\/es\/#\/schema\/person\/06be2405d47c6f93273dd72da307f756"},"headline":"Laurini desembarca en Brasil: debut en Rio Pipeline 2025","datePublished":"2025-09-02T09:50:26+00:00","dateModified":"2025-12-16T11:13:18+00:00","mainEntityOfPage":{"@id":"https:\/\/laurini.com\/es\/laurini-desembarca-en-brasil-debut-en-rio-pipeline-2025\/"},"wordCount":209,"publisher":{"@id":"https:\/\/laurini.com\/es\/#organization"},"image":{"@id":"https:\/\/laurini.com\/es\/laurini-desembarca-en-brasil-debut-en-rio-pipeline-2025\/#primaryimage"},"thumbnailUrl":"https:\/\/laurini.com\/wp-content\/uploads\/2025\/09\/Copertina_Rio-Pipeline.jpg","articleSection":["Non categorizzato"],"inLanguage":"es"},{"@type":"WebPage","@id":"https:\/\/laurini.com\/es\/laurini-desembarca-en-brasil-debut-en-rio-pipeline-2025\/","url":"https:\/\/laurini.com\/es\/laurini-desembarca-en-brasil-debut-en-rio-pipeline-2025\/","name":"Laurini desembarca en Brasil: debut en Rio Pipeline 2025 - Laurini Officine Meccaniche","isPartOf":{"@id":"https:\/\/laurini.com\/es\/#website"},"primaryImageOfPage":{"@id":"https:\/\/laurini.com\/es\/laurini-desembarca-en-brasil-debut-en-rio-pipeline-2025\/#primaryimage"},"image":{"@id":"https:\/\/laurini.com\/es\/laurini-desembarca-en-brasil-debut-en-rio-pipeline-2025\/#primaryimage"},"thumbnailUrl":"https:\/\/laurini.com\/wp-content\/uploads\/2025\/09\/Copertina_Rio-Pipeline.jpg","datePublished":"2025-09-02T09:50:26+00:00","dateModified":"2025-12-16T11:13:18+00:00","description":"Siamo entusiasti di annunciare che Laurini Officine Meccaniche parteciper\u00e0 come espositore per la prima volta alla Rio Pipeline 2025, uno degli eventi internazionali pi\u00f9 prestigiosi nel settore delle pipeline e dell\u2019energia. Un'occasione strategica per consolidare la nostra presenza globale e rafforzare i legami con i principali attori del settore in America Latina.","breadcrumb":{"@id":"https:\/\/laurini.com\/es\/laurini-desembarca-en-brasil-debut-en-rio-pipeline-2025\/#breadcrumb"},"inLanguage":"es","potentialAction":[{"@type":"ReadAction","target":["https:\/\/laurini.com\/es\/laurini-desembarca-en-brasil-debut-en-rio-pipeline-2025\/"]}]},{"@type":"ImageObject","inLanguage":"es","@id":"https:\/\/laurini.com\/es\/laurini-desembarca-en-brasil-debut-en-rio-pipeline-2025\/#primaryimage","url":"https:\/\/laurini.com\/wp-content\/uploads\/2025\/09\/Copertina_Rio-Pipeline.jpg","contentUrl":"https:\/\/laurini.com\/wp-content\/uploads\/2025\/09\/Copertina_Rio-Pipeline.jpg","width":1280,"height":720},{"@type":"BreadcrumbList","@id":"https:\/\/laurini.com\/es\/laurini-desembarca-en-brasil-debut-en-rio-pipeline-2025\/#breadcrumb","itemListElement":[{"@type":"ListItem","position":1,"name":"Home","item":"https:\/\/laurini.com\/es\/"},{"@type":"ListItem","position":2,"name":"Laurini desembarca en Brasil: debut en Rio Pipeline 2025"}]},{"@type":"WebSite","@id":"https:\/\/laurini.com\/es\/#website","url":"https:\/\/laurini.com\/es\/","name":"Laurini Officine Meccaniche","description":"","publisher":{"@id":"https:\/\/laurini.com\/es\/#organization"},"potentialAction":[{"@type":"SearchAction","target":{"@type":"EntryPoint","urlTemplate":"https:\/\/laurini.com\/es\/?s={search_term_string}"},"query-input":{"@type":"PropertyValueSpecification","valueRequired":true,"valueName":"search_term_string"}}],"inLanguage":"es"},{"@type":"Organization","@id":"https:\/\/laurini.com\/es\/#organization","name":"Laurini Officine Meccaniche","url":"https:\/\/laurini.com\/es\/","logo":{"@type":"ImageObject","inLanguage":"es","@id":"https:\/\/laurini.com\/es\/#\/schema\/logo\/image\/","url":"https:\/\/laurini.com\/wp-content\/uploads\/2024\/04\/logo-black.svg","contentUrl":"https:\/\/laurini.com\/wp-content\/uploads\/2024\/04\/logo-black.svg","width":1,"height":1,"caption":"Laurini Officine Meccaniche"},"image":{"@id":"https:\/\/laurini.com\/es\/#\/schema\/logo\/image\/"}},{"@type":"Person","@id":"https:\/\/laurini.com\/es\/#\/schema\/person\/06be2405d47c6f93273dd72da307f756","name":"admin_laurini","image":{"@type":"ImageObject","inLanguage":"es","@id":"https:\/\/laurini.com\/es\/#\/schema\/person\/image\/","url":"https:\/\/secure.gravatar.com\/avatar\/4522c7de7d868765c5dd84a751952325133bebab3d516366b879ff2bbd85a157?s=96&d=mm&r=g","contentUrl":"https:\/\/secure.gravatar.com\/avatar\/4522c7de7d868765c5dd84a751952325133bebab3d516366b879ff2bbd85a157?s=96&d=mm&r=g","caption":"admin_laurini"}}]}},"_links":{"self":[{"href":"https:\/\/laurini.com\/es\/wp-json\/wp\/v2\/posts\/9144","targetHints":{"allow":["GET"]}}],"collection":[{"href":"https:\/\/laurini.com\/es\/wp-json\/wp\/v2\/posts"}],"about":[{"href":"https:\/\/laurini.com\/es\/wp-json\/wp\/v2\/types\/post"}],"author":[{"embeddable":true,"href":"https:\/\/laurini.com\/es\/wp-json\/wp\/v2\/users\/5"}],"replies":[{"embeddable":true,"href":"https:\/\/laurini.com\/es\/wp-json\/wp\/v2\/comments?post=9144"}],"version-history":[{"count":1,"href":"https:\/\/laurini.com\/es\/wp-json\/wp\/v2\/posts\/9144\/revisions"}],"predecessor-version":[{"id":9146,"href":"https:\/\/laurini.com\/es\/wp-json\/wp\/v2\/posts\/9144\/revisions\/9146"}],"wp:featuredmedia":[{"embeddable":true,"href":"https:\/\/laurini.com\/es\/wp-json\/wp\/v2\/media\/9145"}],"wp:attachment":[{"href":"https:\/\/laurini.com\/es\/wp-json\/wp\/v2\/media?parent=9144"}],"wp:term":[{"taxonomy":"category","embeddable":true,"href":"https:\/\/laurini.com\/es\/wp-json\/wp\/v2\/categories?post=9144"},{"taxonomy":"post_tag","embeddable":true,"href":"https:\/\/laurini.com\/es\/wp-json\/wp\/v2\/tags?post=9144"}],"curies":[{"name":"wp","href":"https:\/\/api.w.org\/{rel}","templated":true}]}}