{"id":9819,"date":"2026-03-04T17:29:34","date_gmt":"2026-03-04T15:29:34","guid":{"rendered":"https:\/\/laurini.com\/?p=9819"},"modified":"2026-03-04T17:46:54","modified_gmt":"2026-03-04T15:46:54","slug":"laurini-recibe-a-las-clases-de-4o-y-5o-del-instituto-profesional-estatal-primo-levi-de-parma","status":"publish","type":"post","link":"https:\/\/laurini.com\/es\/laurini-recibe-a-las-clases-de-4o-y-5o-del-instituto-profesional-estatal-primo-levi-de-parma\/","title":{"rendered":"Laurini recibe a las clases de 4\u00ba y 5\u00ba del Instituto Profesional Estatal \u201cPrimo Levi\u201d de Parma"},"content":{"rendered":"\n<p><strong>Busseto, 4 de marzo de 2026<\/strong> <\/p>\n\n\n\n<p>Laurini recibi\u00f3 a las clases de 4\u00ba y 5\u00ba del <strong>Instituto Profesional Estatal \u201cPrimo Levi\u201d<\/strong> de Parma para una visita formativa dedicada al conocimiento de nuestra realidad productiva.<\/p>\n\n\n\n<p>Durante la visita, los estudiantes tuvieron la oportunidad de conocer de cerca la organizaci\u00f3n de la empresa, recorrer los departamentos productivos y dialogar con nuestros profesionales, profundizando en las competencias t\u00e9cnicas y en las oportunidades vinculadas al mundo laboral.<\/p>\n\n\n\n<p>Laurini cree firmemente en el valor de la colaboraci\u00f3n entre la escuela y la empresa y permanece siempre disponible para acoger a j\u00f3venes que deseen acercarse al mundo profesional, ofreciendo oportunidades concretas de orientaci\u00f3n y crecimiento.<\/p>\n\n\n\n<figure class=\"wp-block-gallery has-nested-images columns-default is-cropped wp-block-gallery-1 is-layout-flex wp-block-gallery-is-layout-flex\">\n<figure class=\"wp-block-image size-large\"><img loading=\"lazy\" decoding=\"async\" width=\"768\" height=\"1024\" data-id=\"9799\" src=\"https:\/\/laurini.com\/wp-content\/uploads\/2026\/03\/IMG_1761-Copia-768x1024.jpeg\" alt=\"\" class=\"wp-image-9799\" srcset=\"https:\/\/laurini.com\/wp-content\/uploads\/2026\/03\/IMG_1761-Copia-768x1024.jpeg 768w, https:\/\/laurini.com\/wp-content\/uploads\/2026\/03\/IMG_1761-Copia-225x300.jpeg 225w, https:\/\/laurini.com\/wp-content\/uploads\/2026\/03\/IMG_1761-Copia-1152x1536.jpeg 1152w, https:\/\/laurini.com\/wp-content\/uploads\/2026\/03\/IMG_1761-Copia-1536x2048.jpeg 1536w, https:\/\/laurini.com\/wp-content\/uploads\/2026\/03\/IMG_1761-Copia-scaled.jpeg 1920w\" sizes=\"(max-width: 768px) 100vw, 768px\" \/><\/figure>\n\n\n\n<figure class=\"wp-block-image size-large\"><img loading=\"lazy\" decoding=\"async\" width=\"768\" height=\"1024\" data-id=\"9808\" src=\"https:\/\/laurini.com\/wp-content\/uploads\/2026\/03\/IMG_1765-Copia-768x1024.jpeg\" alt=\"\" class=\"wp-image-9808\" srcset=\"https:\/\/laurini.com\/wp-content\/uploads\/2026\/03\/IMG_1765-Copia-768x1024.jpeg 768w, https:\/\/laurini.com\/wp-content\/uploads\/2026\/03\/IMG_1765-Copia-225x300.jpeg 225w, https:\/\/laurini.com\/wp-content\/uploads\/2026\/03\/IMG_1765-Copia-1152x1536.jpeg 1152w, https:\/\/laurini.com\/wp-content\/uploads\/2026\/03\/IMG_1765-Copia-1536x2048.jpeg 1536w, https:\/\/laurini.com\/wp-content\/uploads\/2026\/03\/IMG_1765-Copia-scaled.jpeg 1920w\" sizes=\"(max-width: 768px) 100vw, 768px\" \/><\/figure>\n\n\n\n<figure class=\"wp-block-image size-large\"><img loading=\"lazy\" decoding=\"async\" width=\"768\" height=\"1024\" data-id=\"9805\" src=\"https:\/\/laurini.com\/wp-content\/uploads\/2026\/03\/IMG_1772-Copia-768x1024.jpeg\" alt=\"\" class=\"wp-image-9805\" srcset=\"https:\/\/laurini.com\/wp-content\/uploads\/2026\/03\/IMG_1772-Copia-768x1024.jpeg 768w, https:\/\/laurini.com\/wp-content\/uploads\/2026\/03\/IMG_1772-Copia-225x300.jpeg 225w, https:\/\/laurini.com\/wp-content\/uploads\/2026\/03\/IMG_1772-Copia-1152x1536.jpeg 1152w, https:\/\/laurini.com\/wp-content\/uploads\/2026\/03\/IMG_1772-Copia-1536x2048.jpeg 1536w, https:\/\/laurini.com\/wp-content\/uploads\/2026\/03\/IMG_1772-Copia-scaled.jpeg 1920w\" sizes=\"(max-width: 768px) 100vw, 768px\" \/><\/figure>\n\n\n\n<figure class=\"wp-block-image size-large\"><img loading=\"lazy\" decoding=\"async\" width=\"768\" height=\"1024\" data-id=\"9815\" src=\"https:\/\/laurini.com\/wp-content\/uploads\/2026\/03\/IMG_1777-768x1024.jpeg\" alt=\"\" class=\"wp-image-9815\" srcset=\"https:\/\/laurini.com\/wp-content\/uploads\/2026\/03\/IMG_1777-768x1024.jpeg 768w, https:\/\/laurini.com\/wp-content\/uploads\/2026\/03\/IMG_1777-225x300.jpeg 225w, https:\/\/laurini.com\/wp-content\/uploads\/2026\/03\/IMG_1777-1152x1536.jpeg 1152w, https:\/\/laurini.com\/wp-content\/uploads\/2026\/03\/IMG_1777-1536x2048.jpeg 1536w, https:\/\/laurini.com\/wp-content\/uploads\/2026\/03\/IMG_1777-scaled.jpeg 1920w\" sizes=\"(max-width: 768px) 100vw, 768px\" \/><\/figure>\n<\/figure>\n\n\n\n<p><\/p>\n","protected":false},"excerpt":{"rendered":"<p>Busseto, 4 de marzo de 2026 Laurini recibi\u00f3 a las clases de 4\u00ba y 5\u00ba del Instituto Profesional Estatal \u201cPrimo Levi\u201d de Parma para una visita formativa dedicada al conocimiento de nuestra realidad productiva. Durante la visita, los estudiantes tuvieron la oportunidad de conocer de cerca la organizaci\u00f3n de la empresa, recorrer los departamentos productivos [&hellip;]<\/p>\n","protected":false},"author":5,"featured_media":9826,"comment_status":"closed","ping_status":"closed","sticky":false,"template":"","format":"standard","meta":{"_acf_changed":false,"footnotes":""},"categories":[49],"tags":[],"class_list":["post-9819","post","type-post","status-publish","format-standard","has-post-thumbnail","hentry","category-non-categorizzato"],"acf":[],"yoast_head":"<!-- This site is optimized with the Yoast SEO plugin v27.1.1 - https:\/\/yoast.com\/product\/yoast-seo-wordpress\/ -->\n<title>Laurini recibe a las clases de 4\u00ba y 5\u00ba del Instituto Profesional Estatal \u201cPrimo Levi\u201d de Parma - Laurini Officine Meccaniche<\/title>\n<meta name=\"robots\" content=\"index, follow, max-snippet:-1, max-image-preview:large, max-video-preview:-1\" \/>\n<link rel=\"canonical\" href=\"https:\/\/laurini.com\/es\/laurini-recibe-a-las-clases-de-4o-y-5o-del-instituto-profesional-estatal-primo-levi-de-parma\/\" \/>\n<meta property=\"og:locale\" content=\"es_ES\" \/>\n<meta property=\"og:type\" content=\"article\" \/>\n<meta property=\"og:title\" content=\"Laurini recibe a las clases de 4\u00ba y 5\u00ba del Instituto Profesional Estatal \u201cPrimo Levi\u201d de Parma - Laurini Officine Meccaniche\" \/>\n<meta property=\"og:description\" content=\"Busseto, 4 de marzo de 2026 Laurini recibi\u00f3 a las clases de 4\u00ba y 5\u00ba del Instituto Profesional Estatal \u201cPrimo Levi\u201d de Parma para una visita formativa dedicada al conocimiento de nuestra realidad productiva. Durante la visita, los estudiantes tuvieron la oportunidad de conocer de cerca la organizaci\u00f3n de la empresa, recorrer los departamentos productivos [&hellip;]\" \/>\n<meta property=\"og:url\" content=\"https:\/\/laurini.com\/es\/laurini-recibe-a-las-clases-de-4o-y-5o-del-instituto-profesional-estatal-primo-levi-de-parma\/\" \/>\n<meta property=\"og:site_name\" content=\"Laurini Officine Meccaniche\" \/>\n<meta property=\"article:published_time\" content=\"2026-03-04T15:29:34+00:00\" \/>\n<meta property=\"article:modified_time\" content=\"2026-03-04T15:46:54+00:00\" \/>\n<meta property=\"og:image\" content=\"https:\/\/laurini.com\/wp-content\/uploads\/2026\/03\/Copertina_Laurini-accoglie-le-classi-IV-e-V-dellIstituto-Professionale-Statale-Primo-Levi-di-Parma-1.jpg\" \/>\n\t<meta property=\"og:image:width\" content=\"1280\" \/>\n\t<meta property=\"og:image:height\" content=\"720\" \/>\n\t<meta property=\"og:image:type\" content=\"image\/jpeg\" \/>\n<meta name=\"author\" content=\"admin_laurini\" \/>\n<meta name=\"twitter:card\" content=\"summary_large_image\" \/>\n<meta name=\"twitter:label1\" content=\"Escrito por\" \/>\n\t<meta name=\"twitter:data1\" content=\"admin_laurini\" \/>\n\t<meta name=\"twitter:label2\" content=\"Tiempo de lectura\" \/>\n\t<meta name=\"twitter:data2\" content=\"2 minutos\" \/>\n<script type=\"application\/ld+json\" class=\"yoast-schema-graph\">{\"@context\":\"https:\/\/schema.org\",\"@graph\":[{\"@type\":\"Article\",\"@id\":\"https:\/\/laurini.com\/es\/laurini-recibe-a-las-clases-de-4o-y-5o-del-instituto-profesional-estatal-primo-levi-de-parma\/#article\",\"isPartOf\":{\"@id\":\"https:\/\/laurini.com\/es\/laurini-recibe-a-las-clases-de-4o-y-5o-del-instituto-profesional-estatal-primo-levi-de-parma\/\"},\"author\":{\"name\":\"admin_laurini\",\"@id\":\"https:\/\/laurini.com\/es\/#\/schema\/person\/06be2405d47c6f93273dd72da307f756\"},\"headline\":\"Laurini recibe a las clases de 4\u00ba y 5\u00ba del Instituto Profesional Estatal \u201cPrimo Levi\u201d de Parma\",\"datePublished\":\"2026-03-04T15:29:34+00:00\",\"dateModified\":\"2026-03-04T15:46:54+00:00\",\"mainEntityOfPage\":{\"@id\":\"https:\/\/laurini.com\/es\/laurini-recibe-a-las-clases-de-4o-y-5o-del-instituto-profesional-estatal-primo-levi-de-parma\/\"},\"wordCount\":125,\"publisher\":{\"@id\":\"https:\/\/laurini.com\/es\/#organization\"},\"image\":{\"@id\":\"https:\/\/laurini.com\/es\/laurini-recibe-a-las-clases-de-4o-y-5o-del-instituto-profesional-estatal-primo-levi-de-parma\/#primaryimage\"},\"thumbnailUrl\":\"https:\/\/laurini.com\/wp-content\/uploads\/2026\/03\/Copertina_Laurini-accoglie-le-classi-IV-e-V-dellIstituto-Professionale-Statale-Primo-Levi-di-Parma-1.jpg\",\"articleSection\":[\"Non categorizzato\"],\"inLanguage\":\"es\"},{\"@type\":\"WebPage\",\"@id\":\"https:\/\/laurini.com\/es\/laurini-recibe-a-las-clases-de-4o-y-5o-del-instituto-profesional-estatal-primo-levi-de-parma\/\",\"url\":\"https:\/\/laurini.com\/es\/laurini-recibe-a-las-clases-de-4o-y-5o-del-instituto-profesional-estatal-primo-levi-de-parma\/\",\"name\":\"Laurini recibe a las clases de 4\u00ba y 5\u00ba del Instituto Profesional Estatal \u201cPrimo Levi\u201d de Parma - Laurini Officine Meccaniche\",\"isPartOf\":{\"@id\":\"https:\/\/laurini.com\/es\/#website\"},\"primaryImageOfPage\":{\"@id\":\"https:\/\/laurini.com\/es\/laurini-recibe-a-las-clases-de-4o-y-5o-del-instituto-profesional-estatal-primo-levi-de-parma\/#primaryimage\"},\"image\":{\"@id\":\"https:\/\/laurini.com\/es\/laurini-recibe-a-las-clases-de-4o-y-5o-del-instituto-profesional-estatal-primo-levi-de-parma\/#primaryimage\"},\"thumbnailUrl\":\"https:\/\/laurini.com\/wp-content\/uploads\/2026\/03\/Copertina_Laurini-accoglie-le-classi-IV-e-V-dellIstituto-Professionale-Statale-Primo-Levi-di-Parma-1.jpg\",\"datePublished\":\"2026-03-04T15:29:34+00:00\",\"dateModified\":\"2026-03-04T15:46:54+00:00\",\"breadcrumb\":{\"@id\":\"https:\/\/laurini.com\/es\/laurini-recibe-a-las-clases-de-4o-y-5o-del-instituto-profesional-estatal-primo-levi-de-parma\/#breadcrumb\"},\"inLanguage\":\"es\",\"potentialAction\":[{\"@type\":\"ReadAction\",\"target\":[\"https:\/\/laurini.com\/es\/laurini-recibe-a-las-clases-de-4o-y-5o-del-instituto-profesional-estatal-primo-levi-de-parma\/\"]}]},{\"@type\":\"ImageObject\",\"inLanguage\":\"es\",\"@id\":\"https:\/\/laurini.com\/es\/laurini-recibe-a-las-clases-de-4o-y-5o-del-instituto-profesional-estatal-primo-levi-de-parma\/#primaryimage\",\"url\":\"https:\/\/laurini.com\/wp-content\/uploads\/2026\/03\/Copertina_Laurini-accoglie-le-classi-IV-e-V-dellIstituto-Professionale-Statale-Primo-Levi-di-Parma-1.jpg\",\"contentUrl\":\"https:\/\/laurini.com\/wp-content\/uploads\/2026\/03\/Copertina_Laurini-accoglie-le-classi-IV-e-V-dellIstituto-Professionale-Statale-Primo-Levi-di-Parma-1.jpg\",\"width\":1280,\"height\":720},{\"@type\":\"BreadcrumbList\",\"@id\":\"https:\/\/laurini.com\/es\/laurini-recibe-a-las-clases-de-4o-y-5o-del-instituto-profesional-estatal-primo-levi-de-parma\/#breadcrumb\",\"itemListElement\":[{\"@type\":\"ListItem\",\"position\":1,\"name\":\"Home\",\"item\":\"https:\/\/laurini.com\/es\/\"},{\"@type\":\"ListItem\",\"position\":2,\"name\":\"Laurini recibe a las clases de 4\u00ba y 5\u00ba del Instituto Profesional Estatal \u201cPrimo Levi\u201d de Parma\"}]},{\"@type\":\"WebSite\",\"@id\":\"https:\/\/laurini.com\/es\/#website\",\"url\":\"https:\/\/laurini.com\/es\/\",\"name\":\"Laurini Officine Meccaniche\",\"description\":\"\",\"publisher\":{\"@id\":\"https:\/\/laurini.com\/es\/#organization\"},\"potentialAction\":[{\"@type\":\"SearchAction\",\"target\":{\"@type\":\"EntryPoint\",\"urlTemplate\":\"https:\/\/laurini.com\/es\/?s={search_term_string}\"},\"query-input\":{\"@type\":\"PropertyValueSpecification\",\"valueRequired\":true,\"valueName\":\"search_term_string\"}}],\"inLanguage\":\"es\"},{\"@type\":\"Organization\",\"@id\":\"https:\/\/laurini.com\/es\/#organization\",\"name\":\"Laurini Officine Meccaniche\",\"url\":\"https:\/\/laurini.com\/es\/\",\"logo\":{\"@type\":\"ImageObject\",\"inLanguage\":\"es\",\"@id\":\"https:\/\/laurini.com\/es\/#\/schema\/logo\/image\/\",\"url\":\"https:\/\/laurini.com\/wp-content\/uploads\/2024\/04\/logo-black.svg\",\"contentUrl\":\"https:\/\/laurini.com\/wp-content\/uploads\/2024\/04\/logo-black.svg\",\"width\":1,\"height\":1,\"caption\":\"Laurini Officine Meccaniche\"},\"image\":{\"@id\":\"https:\/\/laurini.com\/es\/#\/schema\/logo\/image\/\"}},{\"@type\":\"Person\",\"@id\":\"https:\/\/laurini.com\/es\/#\/schema\/person\/06be2405d47c6f93273dd72da307f756\",\"name\":\"admin_laurini\",\"image\":{\"@type\":\"ImageObject\",\"inLanguage\":\"es\",\"@id\":\"https:\/\/laurini.com\/es\/#\/schema\/person\/image\/\",\"url\":\"https:\/\/secure.gravatar.com\/avatar\/4522c7de7d868765c5dd84a751952325133bebab3d516366b879ff2bbd85a157?s=96&d=mm&r=g\",\"contentUrl\":\"https:\/\/secure.gravatar.com\/avatar\/4522c7de7d868765c5dd84a751952325133bebab3d516366b879ff2bbd85a157?s=96&d=mm&r=g\",\"caption\":\"admin_laurini\"}}]}<\/script>\n<!-- \/ Yoast SEO plugin. -->","yoast_head_json":{"title":"Laurini recibe a las clases de 4\u00ba y 5\u00ba del Instituto Profesional Estatal \u201cPrimo Levi\u201d de Parma - Laurini Officine Meccaniche","robots":{"index":"index","follow":"follow","max-snippet":"max-snippet:-1","max-image-preview":"max-image-preview:large","max-video-preview":"max-video-preview:-1"},"canonical":"https:\/\/laurini.com\/es\/laurini-recibe-a-las-clases-de-4o-y-5o-del-instituto-profesional-estatal-primo-levi-de-parma\/","og_locale":"es_ES","og_type":"article","og_title":"Laurini recibe a las clases de 4\u00ba y 5\u00ba del Instituto Profesional Estatal \u201cPrimo Levi\u201d de Parma - Laurini Officine Meccaniche","og_description":"Busseto, 4 de marzo de 2026 Laurini recibi\u00f3 a las clases de 4\u00ba y 5\u00ba del Instituto Profesional Estatal \u201cPrimo Levi\u201d de Parma para una visita formativa dedicada al conocimiento de nuestra realidad productiva. Durante la visita, los estudiantes tuvieron la oportunidad de conocer de cerca la organizaci\u00f3n de la empresa, recorrer los departamentos productivos [&hellip;]","og_url":"https:\/\/laurini.com\/es\/laurini-recibe-a-las-clases-de-4o-y-5o-del-instituto-profesional-estatal-primo-levi-de-parma\/","og_site_name":"Laurini Officine Meccaniche","article_published_time":"2026-03-04T15:29:34+00:00","article_modified_time":"2026-03-04T15:46:54+00:00","og_image":[{"width":1280,"height":720,"url":"https:\/\/laurini.com\/wp-content\/uploads\/2026\/03\/Copertina_Laurini-accoglie-le-classi-IV-e-V-dellIstituto-Professionale-Statale-Primo-Levi-di-Parma-1.jpg","type":"image\/jpeg"}],"author":"admin_laurini","twitter_card":"summary_large_image","twitter_misc":{"Escrito por":"admin_laurini","Tiempo de lectura":"2 minutos"},"schema":{"@context":"https:\/\/schema.org","@graph":[{"@type":"Article","@id":"https:\/\/laurini.com\/es\/laurini-recibe-a-las-clases-de-4o-y-5o-del-instituto-profesional-estatal-primo-levi-de-parma\/#article","isPartOf":{"@id":"https:\/\/laurini.com\/es\/laurini-recibe-a-las-clases-de-4o-y-5o-del-instituto-profesional-estatal-primo-levi-de-parma\/"},"author":{"name":"admin_laurini","@id":"https:\/\/laurini.com\/es\/#\/schema\/person\/06be2405d47c6f93273dd72da307f756"},"headline":"Laurini recibe a las clases de 4\u00ba y 5\u00ba del Instituto Profesional Estatal \u201cPrimo Levi\u201d de Parma","datePublished":"2026-03-04T15:29:34+00:00","dateModified":"2026-03-04T15:46:54+00:00","mainEntityOfPage":{"@id":"https:\/\/laurini.com\/es\/laurini-recibe-a-las-clases-de-4o-y-5o-del-instituto-profesional-estatal-primo-levi-de-parma\/"},"wordCount":125,"publisher":{"@id":"https:\/\/laurini.com\/es\/#organization"},"image":{"@id":"https:\/\/laurini.com\/es\/laurini-recibe-a-las-clases-de-4o-y-5o-del-instituto-profesional-estatal-primo-levi-de-parma\/#primaryimage"},"thumbnailUrl":"https:\/\/laurini.com\/wp-content\/uploads\/2026\/03\/Copertina_Laurini-accoglie-le-classi-IV-e-V-dellIstituto-Professionale-Statale-Primo-Levi-di-Parma-1.jpg","articleSection":["Non categorizzato"],"inLanguage":"es"},{"@type":"WebPage","@id":"https:\/\/laurini.com\/es\/laurini-recibe-a-las-clases-de-4o-y-5o-del-instituto-profesional-estatal-primo-levi-de-parma\/","url":"https:\/\/laurini.com\/es\/laurini-recibe-a-las-clases-de-4o-y-5o-del-instituto-profesional-estatal-primo-levi-de-parma\/","name":"Laurini recibe a las clases de 4\u00ba y 5\u00ba del Instituto Profesional Estatal \u201cPrimo Levi\u201d de Parma - Laurini Officine Meccaniche","isPartOf":{"@id":"https:\/\/laurini.com\/es\/#website"},"primaryImageOfPage":{"@id":"https:\/\/laurini.com\/es\/laurini-recibe-a-las-clases-de-4o-y-5o-del-instituto-profesional-estatal-primo-levi-de-parma\/#primaryimage"},"image":{"@id":"https:\/\/laurini.com\/es\/laurini-recibe-a-las-clases-de-4o-y-5o-del-instituto-profesional-estatal-primo-levi-de-parma\/#primaryimage"},"thumbnailUrl":"https:\/\/laurini.com\/wp-content\/uploads\/2026\/03\/Copertina_Laurini-accoglie-le-classi-IV-e-V-dellIstituto-Professionale-Statale-Primo-Levi-di-Parma-1.jpg","datePublished":"2026-03-04T15:29:34+00:00","dateModified":"2026-03-04T15:46:54+00:00","breadcrumb":{"@id":"https:\/\/laurini.com\/es\/laurini-recibe-a-las-clases-de-4o-y-5o-del-instituto-profesional-estatal-primo-levi-de-parma\/#breadcrumb"},"inLanguage":"es","potentialAction":[{"@type":"ReadAction","target":["https:\/\/laurini.com\/es\/laurini-recibe-a-las-clases-de-4o-y-5o-del-instituto-profesional-estatal-primo-levi-de-parma\/"]}]},{"@type":"ImageObject","inLanguage":"es","@id":"https:\/\/laurini.com\/es\/laurini-recibe-a-las-clases-de-4o-y-5o-del-instituto-profesional-estatal-primo-levi-de-parma\/#primaryimage","url":"https:\/\/laurini.com\/wp-content\/uploads\/2026\/03\/Copertina_Laurini-accoglie-le-classi-IV-e-V-dellIstituto-Professionale-Statale-Primo-Levi-di-Parma-1.jpg","contentUrl":"https:\/\/laurini.com\/wp-content\/uploads\/2026\/03\/Copertina_Laurini-accoglie-le-classi-IV-e-V-dellIstituto-Professionale-Statale-Primo-Levi-di-Parma-1.jpg","width":1280,"height":720},{"@type":"BreadcrumbList","@id":"https:\/\/laurini.com\/es\/laurini-recibe-a-las-clases-de-4o-y-5o-del-instituto-profesional-estatal-primo-levi-de-parma\/#breadcrumb","itemListElement":[{"@type":"ListItem","position":1,"name":"Home","item":"https:\/\/laurini.com\/es\/"},{"@type":"ListItem","position":2,"name":"Laurini recibe a las clases de 4\u00ba y 5\u00ba del Instituto Profesional Estatal \u201cPrimo Levi\u201d de Parma"}]},{"@type":"WebSite","@id":"https:\/\/laurini.com\/es\/#website","url":"https:\/\/laurini.com\/es\/","name":"Laurini Officine Meccaniche","description":"","publisher":{"@id":"https:\/\/laurini.com\/es\/#organization"},"potentialAction":[{"@type":"SearchAction","target":{"@type":"EntryPoint","urlTemplate":"https:\/\/laurini.com\/es\/?s={search_term_string}"},"query-input":{"@type":"PropertyValueSpecification","valueRequired":true,"valueName":"search_term_string"}}],"inLanguage":"es"},{"@type":"Organization","@id":"https:\/\/laurini.com\/es\/#organization","name":"Laurini Officine Meccaniche","url":"https:\/\/laurini.com\/es\/","logo":{"@type":"ImageObject","inLanguage":"es","@id":"https:\/\/laurini.com\/es\/#\/schema\/logo\/image\/","url":"https:\/\/laurini.com\/wp-content\/uploads\/2024\/04\/logo-black.svg","contentUrl":"https:\/\/laurini.com\/wp-content\/uploads\/2024\/04\/logo-black.svg","width":1,"height":1,"caption":"Laurini Officine Meccaniche"},"image":{"@id":"https:\/\/laurini.com\/es\/#\/schema\/logo\/image\/"}},{"@type":"Person","@id":"https:\/\/laurini.com\/es\/#\/schema\/person\/06be2405d47c6f93273dd72da307f756","name":"admin_laurini","image":{"@type":"ImageObject","inLanguage":"es","@id":"https:\/\/laurini.com\/es\/#\/schema\/person\/image\/","url":"https:\/\/secure.gravatar.com\/avatar\/4522c7de7d868765c5dd84a751952325133bebab3d516366b879ff2bbd85a157?s=96&d=mm&r=g","contentUrl":"https:\/\/secure.gravatar.com\/avatar\/4522c7de7d868765c5dd84a751952325133bebab3d516366b879ff2bbd85a157?s=96&d=mm&r=g","caption":"admin_laurini"}}]}},"_links":{"self":[{"href":"https:\/\/laurini.com\/es\/wp-json\/wp\/v2\/posts\/9819","targetHints":{"allow":["GET"]}}],"collection":[{"href":"https:\/\/laurini.com\/es\/wp-json\/wp\/v2\/posts"}],"about":[{"href":"https:\/\/laurini.com\/es\/wp-json\/wp\/v2\/types\/post"}],"author":[{"embeddable":true,"href":"https:\/\/laurini.com\/es\/wp-json\/wp\/v2\/users\/5"}],"replies":[{"embeddable":true,"href":"https:\/\/laurini.com\/es\/wp-json\/wp\/v2\/comments?post=9819"}],"version-history":[{"count":3,"href":"https:\/\/laurini.com\/es\/wp-json\/wp\/v2\/posts\/9819\/revisions"}],"predecessor-version":[{"id":9835,"href":"https:\/\/laurini.com\/es\/wp-json\/wp\/v2\/posts\/9819\/revisions\/9835"}],"wp:featuredmedia":[{"embeddable":true,"href":"https:\/\/laurini.com\/es\/wp-json\/wp\/v2\/media\/9826"}],"wp:attachment":[{"href":"https:\/\/laurini.com\/es\/wp-json\/wp\/v2\/media?parent=9819"}],"wp:term":[{"taxonomy":"category","embeddable":true,"href":"https:\/\/laurini.com\/es\/wp-json\/wp\/v2\/categories?post=9819"},{"taxonomy":"post_tag","embeddable":true,"href":"https:\/\/laurini.com\/es\/wp-json\/wp\/v2\/tags?post=9819"}],"curies":[{"name":"wp","href":"https:\/\/api.w.org\/{rel}","templated":true}]}}